{"id":3000,"date":"2023-02-22T11:47:40","date_gmt":"2023-02-22T11:47:40","guid":{"rendered":"https:\/\/www.rutaskayakmenorca.com\/?p=3000"},"modified":"2023-02-23T09:20:25","modified_gmt":"2023-02-23T09:20:25","slug":"i-fori-di-minorca","status":"publish","type":"post","link":"https:\/\/www.rutaskayakmenorca.com\/it\/clima-en-menorca\/","title":{"rendered":"Minorca: tutto quello che c'\u00e8 da sapere sul tempo a Minorca"},"content":{"rendered":"<p>A Minorca, una delle pi\u00f9 belle isole dell'arcipelago delle Baleari, <strong>il clima \u00e8 mite e piacevole<\/strong> durante tutto l'anno. Con <strong>una media di 300 giorni di sole all'anno<\/strong>Minorca \u00e8 una destinazione turistica perfetta per chi vuole godersi le sue spiagge, la natura e il patrimonio storico in qualsiasi periodo dell'anno.<\/p>\n\n\n\n<p>In questo articolo vogliamo fornirvi tutte le informazioni necessarie sul clima di Minorca, dalla temperatura all'umidit\u00e0, dalle precipitazioni ai venti. Inoltre, includeremo alcune <strong>I suggerimenti per viaggiare a Minorca in base al periodo dell'anno<\/strong>.<\/p>\n\n\n\n<div class=\"wp-block-buttons is-content-justification-center is-layout-flex wp-container-core-buttons-is-layout-16018d1d wp-block-buttons-is-layout-flex\">\n<div class=\"wp-block-button is-style-fill\"><a class=\"wp-block-button__link has-text-color has-background\" href=\"https:\/\/www.rutaskayakmenorca.com\/it\/percorso-delle-grotte-la-migliore-escursione-in-kayak-a-minorca\/\" style=\"border-radius:10px;background-color:#f7aa00;color:#fffffa\"><strong>SCOPRI IL MIGLIOR TOUR IN KAYAK &gt;<\/strong><\/a><\/div>\n<\/div>\n\n\n\n&nbsp;\n\n\n\n<div id=\"ez-toc-container\" class=\"ez-toc-v2_0_82_2 counter-hierarchy ez-toc-counter ez-toc-grey ez-toc-container-direction\">\n<div class=\"ez-toc-title-container\">\n<p class=\"ez-toc-title\" style=\"cursor:inherit\">Contenuto del post:<\/p>\n<span class=\"ez-toc-title-toggle\"><a href=\"#\" class=\"ez-toc-pull-right ez-toc-btn ez-toc-btn-xs ez-toc-btn-default ez-toc-toggle\" aria-label=\"Allinea l&#039;indice dei contenuti\"><span class=\"ez-toc-js-icon-con\"><span class=\"\"><span class=\"eztoc-hide\" style=\"display:none;\">Toggle<\/span><span class=\"ez-toc-icon-toggle-span\"><svg style=\"fill: #003560;color:#003560\" xmlns=\"http:\/\/www.w3.org\/2000\/svg\" class=\"list-377408\" width=\"20px\" height=\"20px\" viewbox=\"0 0 24 24\" fill=\"none\"><path d=\"M6 6H4v2h2V6zm14 0H8v2h12V6zM4 11h2v2H4v-2zm16 0H8v2h12v-2zM4 16h2v2H4v-2zm16 0H8v2h12v-2z\" fill=\"currentColor\"><\/path><\/svg><svg style=\"fill: #003560;color:#003560\" class=\"arrow-unsorted-368013\" xmlns=\"http:\/\/www.w3.org\/2000\/svg\" width=\"10px\" height=\"10px\" viewbox=\"0 0 24 24\" version=\"1.2\" baseprofile=\"tiny\"><path d=\"M18.2 9.3l-6.2-6.3-6.2 6.3c-.2.2-.3.4-.3.7s.1.5.3.7c.2.2.4.3.7.3h11c.3 0 .5-.1.7-.3.2-.2.3-.5.3-.7s-.1-.5-.3-.7zM5.8 14.7l6.2 6.3 6.2-6.3c.2-.2.3-.5.3-.7s-.1-.5-.3-.7c-.2-.2-.4-.3-.7-.3h-11c-.3 0-.5.1-.7.3-.2.2-.3.5-.3.7s.1.5.3.7z\"\/><\/svg><\/span><\/span><\/span><\/a><\/span><\/div>\n<nav><ul class='ez-toc-list ez-toc-list-level-1' ><li class='ez-toc-page-1 ez-toc-heading-level-2'><a class=\"ez-toc-link ez-toc-heading-1\" href=\"https:\/\/www.rutaskayakmenorca.com\/it\/clima-en-menorca\/#El_clima_en_Menorca\" >Minorca: il clima<\/a><ul class='ez-toc-list-level-3' ><li class='ez-toc-heading-level-3'><a class=\"ez-toc-link ez-toc-heading-2\" href=\"https:\/\/www.rutaskayakmenorca.com\/it\/clima-en-menorca\/#Precipitaciones\" >Precipitazioni<\/a><\/li><li class='ez-toc-page-1 ez-toc-heading-level-3'><a class=\"ez-toc-link ez-toc-heading-3\" href=\"https:\/\/www.rutaskayakmenorca.com\/it\/clima-en-menorca\/#Vientos\" >Venti<\/a><\/li><\/ul><\/li><li class='ez-toc-page-1 ez-toc-heading-level-2'><a class=\"ez-toc-link ez-toc-heading-4\" href=\"https:\/\/www.rutaskayakmenorca.com\/it\/clima-en-menorca\/#%C2%BFCual_es_la_mejor_epoca_del_ano_para_visitar_Menorca\" >Qual \u00e8 il periodo migliore per visitare Minorca?<\/a><ul class='ez-toc-list-level-3' ><li class='ez-toc-heading-level-3'><a class=\"ez-toc-link ez-toc-heading-5\" href=\"https:\/\/www.rutaskayakmenorca.com\/it\/clima-en-menorca\/#Clima_en_Menorca_en_primavera\" >Minorca in primavera<\/a><\/li><li class='ez-toc-page-1 ez-toc-heading-level-3'><a class=\"ez-toc-link ez-toc-heading-6\" href=\"https:\/\/www.rutaskayakmenorca.com\/it\/clima-en-menorca\/#Clima_en_Menorca_en_verano\" >Minorca in estate<\/a><\/li><li class='ez-toc-page-1 ez-toc-heading-level-3'><a class=\"ez-toc-link ez-toc-heading-7\" href=\"https:\/\/www.rutaskayakmenorca.com\/it\/clima-en-menorca\/#Clima_en_Menorca_en_otono\" >Minorca in autunno<\/a><\/li><\/ul><\/li><li class='ez-toc-page-1 ez-toc-heading-level-2'><a class=\"ez-toc-link ez-toc-heading-8\" href=\"https:\/\/www.rutaskayakmenorca.com\/it\/clima-en-menorca\/#La_temperatura_del_agua_del_mar_en_Menorca\" >Minorca: la temperatura dell'acqua del mare<\/a><ul class='ez-toc-list-level-3' ><li class='ez-toc-heading-level-3'><a class=\"ez-toc-link ez-toc-heading-9\" href=\"https:\/\/www.rutaskayakmenorca.com\/it\/clima-en-menorca\/#%C2%BFTe_puedes_banar_todo_el_ano_en_Menorca\" >Si pu\u00f2 nuotare tutto l'anno a Minorca?<\/a><\/li><\/ul><\/li><\/ul><\/nav><\/div>\n<h2 class=\"wp-block-heading\"><span class=\"ez-toc-section\" id=\"El_clima_en_Menorca\"><\/span><strong>Minorca: il clima<\/strong><span class=\"ez-toc-section-end\"><\/span><\/h2>\n\n\n\n<p>Minorca ha un clima mediterraneo mite, caratterizzato da inverni miti ed estati calde. Le temperature medie in inverno si aggirano intorno ai 14\u00baC, mentre in estate superano i 30\u00baC. L'umidit\u00e0 \u00e8 elevata tutto l'anno, soprattutto d'estate pu\u00f2 fare un caldo soffocante e d'inverno pu\u00f2 fare un freddo da brivido. Siamo su una piccola isola! \ud83d\ude42 \ud83d\ude42<\/p>\n\n\n\n&nbsp;\n\n\n\n<h3 class=\"wp-block-heading\"><span class=\"ez-toc-section\" id=\"Precipitaciones\"><\/span><strong>Precipitazioni<\/strong><span class=\"ez-toc-section-end\"><\/span><\/h3>\n\n\n\n<p>Minorca, i porti di Minorca <strong>sono relativamente rari<\/strong>con una media annuale di circa 600 mm. La maggior quantit\u00e0 di precipitazioni si concentra nei mesi di <strong>autunno e inverno<\/strong>soprattutto nei mesi di ottobre e novembre, mentre durante i mesi di <strong>le precipitazioni estive sono piuttosto scarse<\/strong>.<\/p>\n\n\n\n&nbsp;\n\n\n\n<h3 class=\"wp-block-heading\"><span class=\"ez-toc-section\" id=\"Vientos\"><\/span><strong>Venti<\/strong><span class=\"ez-toc-section-end\"><\/span><\/h3>\n\n\n\n<p>Minorca \u00e8 influenzata dai venti del nord e del sud che generano correnti d'aria costanti e piacevoli durante tutto l'anno. In estate, il<strong> venti settentrionali noti come Tramontana<\/strong>sono particolarmente rinfrescanti e piacevoli. <\/p>\n\n\n\n<p>Durante l'inverno, la Tramontana pu\u00f2 essere particolarmente intensa e pu\u00f2 generare raffiche di vento molto forti, che possono raggiungere i 100 km\/h. Queste possono causare danni alla vegetazione e alle infrastrutture. Provoca anche alcune<strong> spettacolari mareggiate<\/strong>che vale la pena di notare.<\/p>\n\n\n\n<figure class=\"wp-block-image size-full\"><img fetchpriority=\"high\" decoding=\"async\" width=\"900\" height=\"600\" src=\"https:\/\/www.rutaskayakmenorca.com\/wp-content\/uploads\/2023\/02\/temporal-viento-clima-menorca.jpg\" alt=\"Minorca, tempesta-vento-meteo\" class=\"wp-image-3001\" srcset=\"https:\/\/www.rutaskayakmenorca.com\/wp-content\/uploads\/2023\/02\/temporal-viento-clima-menorca.jpg 900w, https:\/\/www.rutaskayakmenorca.com\/wp-content\/uploads\/2023\/02\/temporal-viento-clima-menorca-300x200.jpg 300w, https:\/\/www.rutaskayakmenorca.com\/wp-content\/uploads\/2023\/02\/temporal-viento-clima-menorca-768x512.jpg 768w, https:\/\/www.rutaskayakmenorca.com\/wp-content\/uploads\/2023\/02\/temporal-viento-clima-menorca-18x12.jpg 18w\" sizes=\"(max-width: 900px) 100vw, 900px\" \/><figcaption class=\"wp-element-caption\"><sup><sub>Foto: David Arquimbau Sintes<\/sub><\/sup><\/figcaption><\/figure>\n\n\n\n<p><strong>La Tramontana \u00e8 un fattore importante per la biodiversit\u00e0 dell'isola.<\/strong>Contribuisce a mantenere l'equilibrio tra umidit\u00e0 e calore. Sebbene possa essere forte e variabile, \u00e8 anche parte integrante del carattere e della bellezza di Minorca.<\/p>\n\n\n\n&nbsp;\n\n\n\n<h2 class=\"wp-block-heading\"><span class=\"ez-toc-section\" id=\"%C2%BFCual_es_la_mejor_epoca_del_ano_para_visitar_Menorca\"><\/span><strong>Qual \u00e8 il periodo migliore per visitare Minorca?<\/strong><span class=\"ez-toc-section-end\"><\/span><\/h2>\n\n\n\n<p>In generale, il periodo migliore per recarsi a Minorca dipende dalle vostre preferenze personali e dalle attivit\u00e0 che desiderate svolgere durante il vostro soggiorno.<\/p>\n\n\n\n<p>Qui vi forniamo una serie di <strong>raccomandazioni in base al periodo dell'anno<\/strong> per adattarsi alle vostre preferenze climatiche.<\/p>\n\n\n\n&nbsp;\n\n\n\n&nbsp;\n\n\n\n<h3 class=\"wp-block-heading\"><span class=\"ez-toc-section\" id=\"Clima_en_Menorca_en_primavera\"><\/span><strong>Minorca in primavera<\/strong><span class=\"ez-toc-section-end\"><\/span><\/h3>\n\n\n\n<p>La primavera a Minorca \u00e8 un periodo ideale per chi vuole godersi la natura e il paesaggio. Le temperature sono miti e <strong>l'isola \u00e8 coperta da una coltre di fiori e colori<\/strong>. Inoltre, le spiagge non sono affollate come in estate e i prezzi sono pi\u00f9 accessibili. \u00c8 un periodo ideale per<strong> fare escursioni<\/strong> dal <a href=\"http:\/\/www.camidecavalls.com\/\" target=\"_blank\" rel=\"noreferrer noopener nofollow\">Cam\u00ed de Cavalls<\/a>Il sole non \u00e8 forte ed \u00e8 abbastanza piacevole.<\/p>\n\n\n\n&nbsp;\n\n\n\n<h3 class=\"wp-block-heading\"><span class=\"ez-toc-section\" id=\"Clima_en_Menorca_en_verano\"><\/span><strong>Minorca in estate<\/strong><span class=\"ez-toc-section-end\"><\/span><\/h3>\n\n\n\n<p>L'estate \u00e8 il periodo pi\u00f9 gettonato per visitare Minorca, soprattutto per coloro che desiderano <strong>godere delle sue spiagge e del clima caldo e soleggiato<\/strong>. Tuttavia, le spiagge possono essere piuttosto affollate e i prezzi degli alloggi e dei trasporti possono essere pi\u00f9 alti. <\/p>\n\n\n\n<p>Questa stagione dell'anno \u00e8 <strong>ideale per le attivit\u00e0 acquatiche<\/strong>come il <a href=\"https:\/\/www.rutaskayakmenorca.com\/it\/percorso-delle-grotte-la-migliore-escursione-in-kayak-a-minorca\/\" target=\"_blank\" rel=\"noreferrer noopener\">Percorso in kayak delle Grotte nel sud dell'isola<\/a>. Sono grotte marine spettacolari che non ci stanchiamo mai di visitare ogni anno. \u00c8 un<strong> attivit\u00e0 da non perdere<\/strong>. Si pu\u00f2 anche fare una gita in barca, tra le altre cose.<\/p>\n\n\n\n&nbsp;\n\n\n\n<h3 class=\"wp-block-heading\"><span class=\"ez-toc-section\" id=\"Clima_en_Menorca_en_otono\"><\/span><strong>Minorca in autunno<\/strong><span class=\"ez-toc-section-end\"><\/span><\/h3>\n\n\n\n<p>L'autunno \u00e8 un periodo ideale per chi cerca pace e tranquillit\u00e0 e per godere della natura e della gastronomia locale. Il <strong>le temperature sono miti e le spiagge sono meno affollate<\/strong>Questo permette di godere delle bellezze naturali dell'isola in un'atmosfera pi\u00f9 rilassata. In questo periodo dell'anno si possono praticare diverse attivit\u00e0 sportive, senza il caldo torrido.<\/p>\n\n\n\n&nbsp;\n\n\n\n<figure class=\"wp-block-image size-full\"><img decoding=\"async\" width=\"900\" height=\"600\" src=\"https:\/\/www.rutaskayakmenorca.com\/wp-content\/uploads\/2023\/02\/playa-menorca-otono-primavera.jpg\" alt=\"spiaggia di minorca-autunno-primavera\" class=\"wp-image-3006\" srcset=\"https:\/\/www.rutaskayakmenorca.com\/wp-content\/uploads\/2023\/02\/playa-menorca-otono-primavera.jpg 900w, https:\/\/www.rutaskayakmenorca.com\/wp-content\/uploads\/2023\/02\/playa-menorca-otono-primavera-300x200.jpg 300w, https:\/\/www.rutaskayakmenorca.com\/wp-content\/uploads\/2023\/02\/playa-menorca-otono-primavera-768x512.jpg 768w, https:\/\/www.rutaskayakmenorca.com\/wp-content\/uploads\/2023\/02\/playa-menorca-otono-primavera-18x12.jpg 18w\" sizes=\"(max-width: 900px) 100vw, 900px\" \/><\/figure>\n\n\n\n&nbsp;\n\n\n\n<h2 class=\"wp-block-heading\"><span class=\"ez-toc-section\" id=\"La_temperatura_del_agua_del_mar_en_Menorca\"><\/span><strong>Minorca: la temperatura dell'acqua del mare<\/strong><span class=\"ez-toc-section-end\"><\/span><\/h2>\n\n\n\n<p>A Minorca, il <a href=\"https:\/\/www.temperaturadelmar.es\/europa\/menorca\/\" target=\"_blank\" rel=\"noreferrer noopener\">temperatura<\/a> La temperatura del mare varia durante l'anno, con temperature pi\u00f9 basse in inverno e pi\u00f9 alte in estate, come \u00e8 normale che sia. La temperatura dell'acqua del mare pu\u00f2 essere nella regione di <strong>13\u00baC-15\u00baC in inverno<\/strong>. Mentre pu\u00f2 raggiungere <strong>24\u00baC-26\u00baC in estate<\/strong>in alcune aree.<\/p>\n\n\n\n<p>\u00c8 importante notare che la temperatura dell'acqua di mare pu\u00f2 variare a seconda del luogo specifico e di fattori quali la profondit\u00e0 dell'acqua.<\/p>\n\n\n\n&nbsp;\n\n\n\n<h3 class=\"wp-block-heading\"><span class=\"ez-toc-section\" id=\"%C2%BFTe_puedes_banar_todo_el_ano_en_Menorca\"><\/span><strong>Si pu\u00f2 nuotare tutto l'anno a Minorca?<\/strong><span class=\"ez-toc-section-end\"><\/span><\/h3>\n\n\n\n<p>Nei mesi invernali, da fine novembre a marzo,<strong> la temperatura dell'acqua del mare pu\u00f2 essere piuttosto fredda<\/strong> per alcuni visitatori. Tuttavia, ad alcuni piace nuotare in acque pi\u00f9 fredde, soprattutto se si proviene da zone settentrionali. <\/p>\n\n\n\n<p>\u00c8 importante tenere presente che in questi mesi le condizioni meteorologiche e del mare possono essere pi\u00f9 imprevedibili e occorre prestare attenzione quando si fa il bagno, soprattutto perch\u00e9 <strong>da novembre a maggio non ci sono bagnini.<\/strong><\/p>\n\n\n\n<p>In ogni caso, possiamo dire che <strong>a Minorca \u00e8 possibile fare il bagno tutto l'anno<\/strong> perch\u00e9 in inverno ci sono giorni di sole splendente e assenza di vento che possono portare le temperature fino a 17\u00baC-20\u00baC, al sole.<\/p>\n\n\n\n&nbsp;\n\n\n\n<p>In breve, Minorca \u00e8 una destinazione turistica perfetta per chi vuole godere di un clima piacevole, di spiagge spettacolari e di un patrimonio culturale e naturale unico. Che sia in primavera, in estate o in autunno, Minorca offre sempre qualcosa di speciale ai suoi visitatori, quindi non esitate a visitarla!<\/p>","protected":false},"excerpt":{"rendered":"<p>En Menorca, una de las islas m\u00e1s bellas del archipi\u00e9lago balear, el clima es templado y agradable durante todo el a\u00f1o. Con una media de 300 d\u00edas de sol al a\u00f1o, Menorca es un destino tur\u00edstico perfecto para aquellos que quieren disfrutar de sus playas, su naturaleza y su patrimonio hist\u00f3rico en cualquier \u00e9poca del [&hellip;]<\/p>\n","protected":false},"author":1,"featured_media":3004,"comment_status":"open","ping_status":"closed","sticky":false,"template":"","format":"standard","meta":{"_joinchat":[],"footnotes":""},"categories":[11],"tags":[30],"class_list":["post-3000","post","type-post","status-publish","format-standard","has-post-thumbnail","hentry","category-curiosidades","tag-clima-menorca"],"_links":{"self":[{"href":"https:\/\/www.rutaskayakmenorca.com\/it\/wp-json\/wp\/v2\/posts\/3000","targetHints":{"allow":["GET"]}}],"collection":[{"href":"https:\/\/www.rutaskayakmenorca.com\/it\/wp-json\/wp\/v2\/posts"}],"about":[{"href":"https:\/\/www.rutaskayakmenorca.com\/it\/wp-json\/wp\/v2\/types\/post"}],"author":[{"embeddable":true,"href":"https:\/\/www.rutaskayakmenorca.com\/it\/wp-json\/wp\/v2\/users\/1"}],"replies":[{"embeddable":true,"href":"https:\/\/www.rutaskayakmenorca.com\/it\/wp-json\/wp\/v2\/comments?post=3000"}],"version-history":[{"count":9,"href":"https:\/\/www.rutaskayakmenorca.com\/it\/wp-json\/wp\/v2\/posts\/3000\/revisions"}],"predecessor-version":[{"id":3016,"href":"https:\/\/www.rutaskayakmenorca.com\/it\/wp-json\/wp\/v2\/posts\/3000\/revisions\/3016"}],"wp:featuredmedia":[{"embeddable":true,"href":"https:\/\/www.rutaskayakmenorca.com\/it\/wp-json\/wp\/v2\/media\/3004"}],"wp:attachment":[{"href":"https:\/\/www.rutaskayakmenorca.com\/it\/wp-json\/wp\/v2\/media?parent=3000"}],"wp:term":[{"taxonomy":"category","embeddable":true,"href":"https:\/\/www.rutaskayakmenorca.com\/it\/wp-json\/wp\/v2\/categories?post=3000"},{"taxonomy":"post_tag","embeddable":true,"href":"https:\/\/www.rutaskayakmenorca.com\/it\/wp-json\/wp\/v2\/tags?post=3000"}],"curies":[{"name":"wp","href":"https:\/\/api.w.org\/{rel}","templated":true}]}}