{"id":199,"date":"2020-12-22T21:43:22","date_gmt":"2020-12-22T21:43:22","guid":{"rendered":"https:\/\/www.rutaskayakmenorca.com\/?p=199"},"modified":"2021-02-17T15:24:39","modified_gmt":"2021-02-17T15:24:39","slug":"i-fori-di-minorca-2","status":"publish","type":"post","link":"https:\/\/www.rutaskayakmenorca.com\/it\/los-peces-de-menorca\/","title":{"rendered":"I Fari di Minorca"},"content":{"rendered":"<p><strong>Minorca, i pesci a portata di mano<\/strong>. Una delle grandi attrattive dell'escursione che proponiamo in Rutas Kayak Menorca, ovvero la Rotta delle grotte, \u00e8 che potrete vedere tutti i pesci pi\u00f9 comuni di Minorca. Lo snorkeling vi permetter\u00e0 di vedere i pesci che popolano la costa minorchina, cosa che \u00e8 sempre bello vedere al di l\u00e0 del fondale marino.<\/p>\n\n\n\n&nbsp;\n\n\n\n<div id=\"ez-toc-container\" class=\"ez-toc-v2_0_82_2 counter-hierarchy ez-toc-counter ez-toc-grey ez-toc-container-direction\">\n<div class=\"ez-toc-title-container\">\n<p class=\"ez-toc-title\" style=\"cursor:inherit\">Contenuto del post:<\/p>\n<span class=\"ez-toc-title-toggle\"><a href=\"#\" class=\"ez-toc-pull-right ez-toc-btn ez-toc-btn-xs ez-toc-btn-default ez-toc-toggle\" aria-label=\"Allinea l&#039;indice dei contenuti\"><span class=\"ez-toc-js-icon-con\"><span class=\"\"><span class=\"eztoc-hide\" style=\"display:none;\">Toggle<\/span><span class=\"ez-toc-icon-toggle-span\"><svg style=\"fill: #003560;color:#003560\" xmlns=\"http:\/\/www.w3.org\/2000\/svg\" class=\"list-377408\" width=\"20px\" height=\"20px\" viewbox=\"0 0 24 24\" fill=\"none\"><path d=\"M6 6H4v2h2V6zm14 0H8v2h12V6zM4 11h2v2H4v-2zm16 0H8v2h12v-2zM4 16h2v2H4v-2zm16 0H8v2h12v-2z\" fill=\"currentColor\"><\/path><\/svg><svg style=\"fill: #003560;color:#003560\" class=\"arrow-unsorted-368013\" xmlns=\"http:\/\/www.w3.org\/2000\/svg\" width=\"10px\" height=\"10px\" viewbox=\"0 0 24 24\" version=\"1.2\" baseprofile=\"tiny\"><path d=\"M18.2 9.3l-6.2-6.3-6.2 6.3c-.2.2-.3.4-.3.7s.1.5.3.7c.2.2.4.3.7.3h11c.3 0 .5-.1.7-.3.2-.2.3-.5.3-.7s-.1-.5-.3-.7zM5.8 14.7l6.2 6.3 6.2-6.3c.2-.2.3-.5.3-.7s-.1-.5-.3-.7c-.2-.2-.4-.3-.7-.3h-11c-.3 0-.5.1-.7.3-.2.2-.3.5-.3.7s.1.5.3.7z\"\/><\/svg><\/span><\/span><\/span><\/a><\/span><\/div>\n<nav><ul class='ez-toc-list ez-toc-list-level-1' ><li class='ez-toc-page-1 ez-toc-heading-level-2'><a class=\"ez-toc-link ez-toc-heading-1\" href=\"https:\/\/www.rutaskayakmenorca.com\/it\/los-peces-de-menorca\/#El_mar_de_la_isla_es_ideal_para_la_fauna_marina_de_Menorca\" >Il mare dell'isola \u00e8 l'ideale per la fauna marina di Minorca<\/a><\/li><li class='ez-toc-page-1 ez-toc-heading-level-2'><a class=\"ez-toc-link ez-toc-heading-2\" href=\"https:\/\/www.rutaskayakmenorca.com\/it\/los-peces-de-menorca\/#Peces_tipicos_de_Menorca_en_la_ruta_en_kayak\" >I pesci tipici di Minorca sulla rotta del kayak<\/a><ul class='ez-toc-list-level-3' ><li class='ez-toc-heading-level-3'><a class=\"ez-toc-link ez-toc-heading-3\" href=\"https:\/\/www.rutaskayakmenorca.com\/it\/los-peces-de-menorca\/#1_Doncella\" >1. Fanciulla<\/a><\/li><li class='ez-toc-page-1 ez-toc-heading-level-3'><a class=\"ez-toc-link ez-toc-heading-4\" href=\"https:\/\/www.rutaskayakmenorca.com\/it\/los-peces-de-menorca\/#2_Sargo\" >2. Orata<\/a><\/li><li class='ez-toc-page-1 ez-toc-heading-level-3'><a class=\"ez-toc-link ez-toc-heading-5\" href=\"https:\/\/www.rutaskayakmenorca.com\/it\/los-peces-de-menorca\/#3_Mojarra\" >3. mojarra<\/a><\/li><li class='ez-toc-page-1 ez-toc-heading-level-3'><a class=\"ez-toc-link ez-toc-heading-6\" href=\"https:\/\/www.rutaskayakmenorca.com\/it\/los-peces-de-menorca\/#4_Raspallon\" >4. Raspall\u00f3n<\/a><\/li><li class='ez-toc-page-1 ez-toc-heading-level-3'><a class=\"ez-toc-link ez-toc-heading-7\" href=\"https:\/\/www.rutaskayakmenorca.com\/it\/los-peces-de-menorca\/#5_Salmonete\" >5. Triglia di scoglio<\/a><\/li><li class='ez-toc-page-1 ez-toc-heading-level-3'><a class=\"ez-toc-link ez-toc-heading-8\" href=\"https:\/\/www.rutaskayakmenorca.com\/it\/los-peces-de-menorca\/#6_Salpa\" >6. Salpa<\/a><\/li><li class='ez-toc-page-1 ez-toc-heading-level-3'><a class=\"ez-toc-link ez-toc-heading-9\" href=\"https:\/\/www.rutaskayakmenorca.com\/it\/los-peces-de-menorca\/#7_Oblada\" >7. Oblada<\/a><\/li><li class='ez-toc-page-1 ez-toc-heading-level-3'><a class=\"ez-toc-link ez-toc-heading-10\" href=\"https:\/\/www.rutaskayakmenorca.com\/it\/los-peces-de-menorca\/#8_Vaca\" >8. Mucca<\/a><\/li><li class='ez-toc-page-1 ez-toc-heading-level-3'><a class=\"ez-toc-link ez-toc-heading-11\" href=\"https:\/\/www.rutaskayakmenorca.com\/it\/los-peces-de-menorca\/#9_Herrera\" >9. Herrera<\/a><\/li><li class='ez-toc-page-1 ez-toc-heading-level-3'><a class=\"ez-toc-link ez-toc-heading-12\" href=\"https:\/\/www.rutaskayakmenorca.com\/it\/los-peces-de-menorca\/#10_Dorada\" >10. Dorada<\/a><\/li><li class='ez-toc-page-1 ez-toc-heading-level-3'><a class=\"ez-toc-link ez-toc-heading-13\" href=\"https:\/\/www.rutaskayakmenorca.com\/it\/los-peces-de-menorca\/#11_Poda\" >11. Potatura<\/a><\/li><li class='ez-toc-page-1 ez-toc-heading-level-3'><a class=\"ez-toc-link ez-toc-heading-14\" href=\"https:\/\/www.rutaskayakmenorca.com\/it\/los-peces-de-menorca\/#12_Castanuela\" >12. Castanet<\/a><\/li><li class='ez-toc-page-1 ez-toc-heading-level-3'><a class=\"ez-toc-link ez-toc-heading-15\" href=\"https:\/\/www.rutaskayakmenorca.com\/it\/los-peces-de-menorca\/#13_Pez_verde\" >13. Pesce verde<\/a><\/li><\/ul><\/li><\/ul><\/nav><\/div>\n<h2 class=\"wp-block-heading\"><span class=\"ez-toc-section\" id=\"El_mar_de_la_isla_es_ideal_para_la_fauna_marina_de_Menorca\"><\/span><strong>Il mare dell'isola \u00e8 l'ideale per la fauna marina di Minorca<\/strong><span class=\"ez-toc-section-end\"><\/span><\/h2>\n\n\n\n<p>Il <strong><a href=\"https:\/\/es.wikipedia.org\/wiki\/Posidonia_oceanica\" target=\"_blank\" rel=\"noreferrer noopener nofollow\">prati di posidonia<\/a><\/strong> sono fondamentali per la sopravvivenza della specie, poich\u00e9 sono <strong>Si stima che in essi vivano circa 1.000 animali e 400 piante.<\/strong>. Inoltre, le sue radici mantengono immobile il sedimento, il che \u00e8 molto utile per creare zone di produzione di ossigeno.  <\/p>\n\n\n\n<p>E la cosa pi\u00f9 curiosa \u00e8 che si tratta di una pianta che <strong>non esiste in nessun altro oceano<\/strong>solo nel Mediterraneo. Il fondale dove farete l'escursione con Rutas Kayak Menorca \u00e8 fatto di posidonia, roccia e sabbia, ideale per vedere molte specie diverse.<\/p>\n\n\n\n&nbsp;\n\n\n\n<div class=\"wp-block-buttons is-content-justification-center is-layout-flex wp-container-core-buttons-is-layout-16018d1d wp-block-buttons-is-layout-flex\">\n<div class=\"wp-block-button is-style-fill\"><a class=\"wp-block-button__link has-text-color has-background\" href=\"https:\/\/www.rutaskayakmenorca.com\/it\/percorso-delle-grotte-la-migliore-escursione-in-kayak-a-minorca\/\" style=\"border-radius:10px;background-color:#f7aa00;color:#fffffa\"><strong>SCOPRI IL MIGLIOR TOUR IN KAYAK &gt;<\/strong><\/a><\/div>\n<\/div>\n\n\n\n&nbsp;\n\n\n\n<h2 class=\"wp-block-heading\"><span class=\"ez-toc-section\" id=\"Peces_tipicos_de_Menorca_en_la_ruta_en_kayak\"><\/span><strong>I pesci tipici di Minorca sulla rotta del kayak<\/strong><span class=\"ez-toc-section-end\"><\/span><\/h2>\n\n\n\n<p>Di seguito, vi lasciamo il <strong>descrizione e immagini dei tipi di pesce<\/strong> che vedrete con il vostro kayak a noleggio a Minorca: <\/p>\n\n\n\n<h3 class=\"wp-block-heading\"><span class=\"ez-toc-section\" id=\"1_Doncella\"><\/span><strong>1. Fanciulla<\/strong><span class=\"ez-toc-section-end\"><\/span><\/h3>\n\n\n\n<p>\u00c8 molto comune nel Mediterraneo. La sua caratteristica principale \u00e8 l'assenza di squame. \u00c8 piccolo, con una bocca minuscola, <strong>sottile e in una moltitudine di colori<\/strong>. Quelli che vivono in acque poco profonde sono pi\u00f9 scuri, marroncini, mentre quelli che provengono da acque pi\u00f9 profonde hanno colori pi\u00f9 vivaci.<\/p>\n\n\n\n<figure class=\"wp-block-image size-full\"><img fetchpriority=\"high\" decoding=\"async\" width=\"640\" height=\"413\" src=\"https:\/\/www.rutaskayakmenorca.com\/wp-content\/uploads\/2020\/12\/pez-doncella.jpg\" alt=\"pesce-doncella\" class=\"wp-image-964\" srcset=\"https:\/\/www.rutaskayakmenorca.com\/wp-content\/uploads\/2020\/12\/pez-doncella.jpg 640w, https:\/\/www.rutaskayakmenorca.com\/wp-content\/uploads\/2020\/12\/pez-doncella-300x194.jpg 300w, https:\/\/www.rutaskayakmenorca.com\/wp-content\/uploads\/2020\/12\/pez-doncella-16x10.jpg 16w\" sizes=\"(max-width: 640px) 100vw, 640px\" \/><figcaption>artesdepesca.blogspot<\/figcaption><\/figure>\n\n\n\n<h3 class=\"wp-block-heading\"><span class=\"ez-toc-section\" id=\"2_Sargo\"><\/span><strong>2. Orata<\/strong><span class=\"ez-toc-section-end\"><\/span><\/h3>\n\n\n\n<p>Molti la considerano la \"cugina di primo grado\" della dorada. D'argento e con diversi <strong>strisce verticali dalla testa alla coda<\/strong>Sono apprezzate dai pescatori per la loro carne bianca e succosa.<\/p>\n\n\n\n<div class=\"wp-block-image\"><figure class=\"aligncenter size-large\"><img decoding=\"async\" width=\"1024\" height=\"620\" src=\"https:\/\/www.rutaskayakmenorca.com\/wp-content\/uploads\/2020\/12\/pez-sargo-1024x620.jpg\" alt=\"pesce-verza-da-meonroca\" class=\"wp-image-210\" srcset=\"https:\/\/www.rutaskayakmenorca.com\/wp-content\/uploads\/2020\/12\/pez-sargo-1024x620.jpg 1024w, https:\/\/www.rutaskayakmenorca.com\/wp-content\/uploads\/2020\/12\/pez-sargo-300x182.jpg 300w, https:\/\/www.rutaskayakmenorca.com\/wp-content\/uploads\/2020\/12\/pez-sargo-768x465.jpg 768w, https:\/\/www.rutaskayakmenorca.com\/wp-content\/uploads\/2020\/12\/pez-sargo-1536x929.jpg 1536w, https:\/\/www.rutaskayakmenorca.com\/wp-content\/uploads\/2020\/12\/pez-sargo-16x10.jpg 16w, https:\/\/www.rutaskayakmenorca.com\/wp-content\/uploads\/2020\/12\/pez-sargo.jpg 1600w\" sizes=\"(max-width: 1024px) 100vw, 1024px\" \/><figcaption>Wikipedia.org<\/figcaption><\/figure><\/div>\n\n\n\n<h3 class=\"wp-block-heading\"><span class=\"ez-toc-section\" id=\"3_Mojarra\"><\/span><strong>3. mojarra<\/strong><span class=\"ez-toc-section-end\"><\/span><\/h3>\n\n\n\n<p>A Minorca la chiamiamo \"Variada\". \u00c8 uguale all'orata ma, invece di avere diverse <strong>strisce scure, ne ha solo due: sulla testa e sulla coda.<\/strong><\/p>\n\n\n\n<div class=\"wp-block-image\"><figure class=\"aligncenter size-large\"><img decoding=\"async\" width=\"500\" height=\"350\" src=\"https:\/\/www.rutaskayakmenorca.com\/wp-content\/uploads\/2020\/12\/pez-mojarra.jpg\" alt=\"pesce megero\" class=\"wp-image-965\" srcset=\"https:\/\/www.rutaskayakmenorca.com\/wp-content\/uploads\/2020\/12\/pez-mojarra.jpg 500w, https:\/\/www.rutaskayakmenorca.com\/wp-content\/uploads\/2020\/12\/pez-mojarra-300x210.jpg 300w, https:\/\/www.rutaskayakmenorca.com\/wp-content\/uploads\/2020\/12\/pez-mojarra-16x12.jpg 16w\" sizes=\"(max-width: 500px) 100vw, 500px\" \/><figcaption>pesce mediterraneo<\/figcaption><\/figure><\/div>\n\n\n\n<h3 class=\"wp-block-heading\"><span class=\"ez-toc-section\" id=\"4_Raspallon\"><\/span><strong>4. Raspall\u00f3n<\/strong><span class=\"ez-toc-section-end\"><\/span><\/h3>\n\n\n\n<p>Chiamato anche \"Esparrall\". Come la Mojarra, ma <strong>senza strisce scure sul corpo.<\/strong> Molto comune sulla costa minorchina. <\/p>\n\n\n\n<figure class=\"wp-block-image size-full\"><img loading=\"lazy\" decoding=\"async\" width=\"1024\" height=\"768\" src=\"https:\/\/www.rutaskayakmenorca.com\/wp-content\/uploads\/2020\/12\/pez-raspallon.jpg\" alt=\"pez-raspallon\" class=\"wp-image-966\" srcset=\"https:\/\/www.rutaskayakmenorca.com\/wp-content\/uploads\/2020\/12\/pez-raspallon.jpg 1024w, https:\/\/www.rutaskayakmenorca.com\/wp-content\/uploads\/2020\/12\/pez-raspallon-300x225.jpg 300w, https:\/\/www.rutaskayakmenorca.com\/wp-content\/uploads\/2020\/12\/pez-raspallon-768x576.jpg 768w, https:\/\/www.rutaskayakmenorca.com\/wp-content\/uploads\/2020\/12\/pez-raspallon-16x12.jpg 16w\" sizes=\"(max-width: 1024px) 100vw, 1024px\" \/><figcaption>Natura Lista<\/figcaption><\/figure>\n\n\n\n<h3 class=\"wp-block-heading\"><span class=\"ez-toc-section\" id=\"5_Salmonete\"><\/span><strong>5. Triglia di scoglio <\/strong><span class=\"ez-toc-section-end\"><\/span><\/h3>\n\n\n\n<p>Di solito si vedono a profondit\u00e0 maggiori, ma nelle Cales Coves, dove si pu\u00f2 fare snorkeling, ce ne sono di solito. <strong>Con i loro tipici \"baffi\", sono sempre intenti a scavare nella sabbia.<\/strong> alla ricerca di piccoli crostacei.<\/p>\n\n\n\n<div class=\"wp-block-image\"><figure class=\"aligncenter size-large\"><img loading=\"lazy\" decoding=\"async\" width=\"800\" height=\"599\" src=\"https:\/\/www.rutaskayakmenorca.com\/wp-content\/uploads\/2020\/12\/pez-salmonete.jpg\" alt=\"cefalo-pesce\" class=\"wp-image-967\" srcset=\"https:\/\/www.rutaskayakmenorca.com\/wp-content\/uploads\/2020\/12\/pez-salmonete.jpg 800w, https:\/\/www.rutaskayakmenorca.com\/wp-content\/uploads\/2020\/12\/pez-salmonete-300x225.jpg 300w, https:\/\/www.rutaskayakmenorca.com\/wp-content\/uploads\/2020\/12\/pez-salmonete-768x575.jpg 768w, https:\/\/www.rutaskayakmenorca.com\/wp-content\/uploads\/2020\/12\/pez-salmonete-16x12.jpg 16w\" sizes=\"(max-width: 800px) 100vw, 800px\" \/><figcaption>Picasa<\/figcaption><\/figure><\/div>\n\n\n\n<h3 class=\"wp-block-heading\"><span class=\"ez-toc-section\" id=\"6_Salpa\"><\/span><strong>6. Salpa<\/strong><span class=\"ez-toc-section-end\"><\/span><\/h3>\n\n\n\n<p>Di forma ovale, si riconoscono facilmente per le strisce dorate e la coda verdastra. La cosa curiosa di questo pesce \u00e8 che, secondo alcune informazioni, <strong><a href=\"https:\/\/www.informacion.es\/alicante\/2018\/07\/10\/pez-mediterraneo-produce-alucinaciones-similares-5720004.html\" target=\"_blank\" rel=\"noreferrer noopener nofollow\">pu\u00f2 produrre allucinazioni simili a quelle dell'LSD<\/a> in caso di ingestione<\/strong>. Il motivo \u00e8 che si nutre sempre di alghe, il che porta all'accumulo di fitoplancton tossico.<\/p>\n\n\n\n<figure class=\"wp-block-image size-full\"><img loading=\"lazy\" decoding=\"async\" width=\"661\" height=\"377\" src=\"https:\/\/www.rutaskayakmenorca.com\/wp-content\/uploads\/2020\/12\/pez-salpa.jpg\" alt=\"pesce-salpa\" class=\"wp-image-968\" srcset=\"https:\/\/www.rutaskayakmenorca.com\/wp-content\/uploads\/2020\/12\/pez-salpa.jpg 661w, https:\/\/www.rutaskayakmenorca.com\/wp-content\/uploads\/2020\/12\/pez-salpa-300x171.jpg 300w, https:\/\/www.rutaskayakmenorca.com\/wp-content\/uploads\/2020\/12\/pez-salpa-16x9.jpg 16w\" sizes=\"(max-width: 661px) 100vw, 661px\" \/><figcaption>enelmar.es<\/figcaption><\/figure>\n\n\n\n<h3 class=\"wp-block-heading\"><span class=\"ez-toc-section\" id=\"7_Oblada\"><\/span><strong>7. Oblada<\/strong><span class=\"ez-toc-section-end\"><\/span><\/h3>\n\n\n\n<p>Sono uno spettacolo puro, perch\u00e9 la loro voracit\u00e0 li fa impazzire se gli si lancia del pane grattugiato. In un certo senso <strong>di forma ovale e di colore dall'argento al blu, sono molto comuni nelle Cales Coves.<\/strong>. Si spostano sempre tra le acque, quasi mai in profondit\u00e0.<\/p>\n\n\n\n<figure class=\"wp-block-image size-full\"><img loading=\"lazy\" decoding=\"async\" width=\"2048\" height=\"1533\" src=\"https:\/\/www.rutaskayakmenorca.com\/wp-content\/uploads\/2020\/12\/pez-oblada.jpg\" alt=\"pesce-obl\u00f2\" class=\"wp-image-208\" srcset=\"https:\/\/www.rutaskayakmenorca.com\/wp-content\/uploads\/2020\/12\/pez-oblada.jpg 2048w, https:\/\/www.rutaskayakmenorca.com\/wp-content\/uploads\/2020\/12\/pez-oblada-300x225.jpg 300w, https:\/\/www.rutaskayakmenorca.com\/wp-content\/uploads\/2020\/12\/pez-oblada-1024x767.jpg 1024w, https:\/\/www.rutaskayakmenorca.com\/wp-content\/uploads\/2020\/12\/pez-oblada-768x575.jpg 768w, https:\/\/www.rutaskayakmenorca.com\/wp-content\/uploads\/2020\/12\/pez-oblada-1536x1150.jpg 1536w, https:\/\/www.rutaskayakmenorca.com\/wp-content\/uploads\/2020\/12\/pez-oblada-16x12.jpg 16w\" sizes=\"(max-width: 2048px) 100vw, 2048px\" \/><figcaption>marinespecies.org<\/figcaption><\/figure>\n\n\n\n<h3 class=\"wp-block-heading\"><span class=\"ez-toc-section\" id=\"8_Vaca\"><\/span><strong>8. Mucca<\/strong><span class=\"ez-toc-section-end\"><\/span><\/h3>\n\n\n\n<p>Tocca sempre il fondo, tra rocce e posidonie, in cerca di un riparo. Con una bocca grande quasi quanto la testa, \u00e8 sempre alla ricerca di piccoli pesci o granchi, le sue prelibatezze preferite. <strong>Marrone con strisce verticali<\/strong> ancora pi\u00f9 scuro, si distingue per la sua <strong>pancia blu.<\/strong><\/p>\n\n\n\n<div class=\"wp-block-image\"><figure class=\"aligncenter size-large\"><img loading=\"lazy\" decoding=\"async\" width=\"500\" height=\"350\" src=\"https:\/\/www.rutaskayakmenorca.com\/wp-content\/uploads\/2020\/12\/pez-vaca.jpg\" alt=\"pesce-mucca\" class=\"wp-image-969\" srcset=\"https:\/\/www.rutaskayakmenorca.com\/wp-content\/uploads\/2020\/12\/pez-vaca.jpg 500w, https:\/\/www.rutaskayakmenorca.com\/wp-content\/uploads\/2020\/12\/pez-vaca-300x210.jpg 300w, https:\/\/www.rutaskayakmenorca.com\/wp-content\/uploads\/2020\/12\/pez-vaca-16x12.jpg 16w\" sizes=\"(max-width: 500px) 100vw, 500px\" \/><figcaption>Pecesmediterraneo.com<\/figcaption><\/figure><\/div>\n\n\n\n<h3 class=\"wp-block-heading\"><span class=\"ez-toc-section\" id=\"9_Herrera\"><\/span><strong>9. Herrera<\/strong><span class=\"ez-toc-section-end\"><\/span><\/h3>\n\n\n\n<p>In minorchino il nome cambia in 'Mabre'. Elegante nuotatore, setaccia sempre la sabbia alla ricerca, ovviamente, di cibo. \u00c8 pi\u00f9 difficile da distinguere rispetto all'oblada, in quanto non \u00e8 cos\u00ec comune, ma \u00e8 visibile per via della sua <strong>strisce verticali scure sul corpo biancastro.<\/strong><\/p>\n\n\n\n<figure class=\"wp-block-image size-full\"><img loading=\"lazy\" decoding=\"async\" width=\"650\" height=\"396\" src=\"https:\/\/www.rutaskayakmenorca.com\/wp-content\/uploads\/2020\/12\/pez-herrera-o-mabre.png\" alt=\"pez-herrera-o-mabre\" class=\"wp-image-970\" srcset=\"https:\/\/www.rutaskayakmenorca.com\/wp-content\/uploads\/2020\/12\/pez-herrera-o-mabre.png 650w, https:\/\/www.rutaskayakmenorca.com\/wp-content\/uploads\/2020\/12\/pez-herrera-o-mabre-300x183.png 300w, https:\/\/www.rutaskayakmenorca.com\/wp-content\/uploads\/2020\/12\/pez-herrera-o-mabre-16x10.png 16w\" sizes=\"(max-width: 650px) 100vw, 650px\" \/><figcaption>pescacosmar.com<\/figcaption><\/figure>\n\n\n\n<h3 class=\"wp-block-heading\"><span class=\"ez-toc-section\" id=\"10_Dorada\"><\/span><strong>10. Dorada<\/strong><span class=\"ez-toc-section-end\"><\/span><\/h3>\n\n\n\n<p>Difficile da vedere, ma tendono a entrare nelle insenature. Una delle regine del Mediterraneo e una delle stelle della <a href=\"https:\/\/sallotja.es\/\" target=\"_blank\" rel=\"noreferrer noopener\">MERCATI DEL PESCE<\/a>\u00e8 facilmente <strong>riconoscibile per la sua fronte dorata<\/strong>Da qui il suo nome.<\/p>\n\n\n\n<p>\u00c8 molto tipico pescare le orate con la canna.<\/p>\n\n\n\n<div class=\"wp-block-image\"><figure class=\"aligncenter size-large\"><img loading=\"lazy\" decoding=\"async\" width=\"726\" height=\"408\" src=\"https:\/\/www.rutaskayakmenorca.com\/wp-content\/uploads\/2020\/12\/pez-Dorada.jpg\" alt=\"pesce rosso\" class=\"wp-image-971\" srcset=\"https:\/\/www.rutaskayakmenorca.com\/wp-content\/uploads\/2020\/12\/pez-Dorada.jpg 726w, https:\/\/www.rutaskayakmenorca.com\/wp-content\/uploads\/2020\/12\/pez-Dorada-300x169.jpg 300w, https:\/\/www.rutaskayakmenorca.com\/wp-content\/uploads\/2020\/12\/pez-Dorada-16x9.jpg 16w\" sizes=\"(max-width: 726px) 100vw, 726px\" \/><figcaption>peixospuignau.com<\/figcaption><\/figure><\/div>\n\n\n\n<h3 class=\"wp-block-heading\"><span class=\"ez-toc-section\" id=\"11_Poda\"><\/span><strong>11. Potatura<\/strong><span class=\"ez-toc-section-end\"><\/span><\/h3>\n\n\n\n<p>A Minorca lo chiamiamo '<strong>Tac\u00f3\" o \"Peda\u00e7<\/strong>'. \u00c8 simile a una sogliola, ma sempre di piccole dimensioni. Come tutti i pesci di questo tipo, vivono sempre attaccati alla sabbia, con un <strong>elevata capacit\u00e0 di mimetizzazione<\/strong>. A differenza della sogliola, ha molte ossa!<\/p>\n\n\n\n<div class=\"wp-block-image\"><figure class=\"aligncenter size-large\"><img loading=\"lazy\" decoding=\"async\" width=\"500\" height=\"350\" src=\"https:\/\/www.rutaskayakmenorca.com\/wp-content\/uploads\/2020\/12\/pez-Poda.jpg\" alt=\"pesce-Poda\" class=\"wp-image-972\" srcset=\"https:\/\/www.rutaskayakmenorca.com\/wp-content\/uploads\/2020\/12\/pez-Poda.jpg 500w, https:\/\/www.rutaskayakmenorca.com\/wp-content\/uploads\/2020\/12\/pez-Poda-300x210.jpg 300w, https:\/\/www.rutaskayakmenorca.com\/wp-content\/uploads\/2020\/12\/pez-Poda-16x12.jpg 16w\" sizes=\"(max-width: 500px) 100vw, 500px\" \/><figcaption>pecesdelmediterraneo.com<\/figcaption><\/figure><\/div>\n\n\n\n<h3 class=\"wp-block-heading\"><span class=\"ez-toc-section\" id=\"12_Castanuela\"><\/span><strong>12. Castanet<\/strong><span class=\"ez-toc-section-end\"><\/span><\/h3>\n\n\n\n<p>In menorchino lo chiamiamo, in modo colloquiale, come '.<strong>morito<\/strong>per il loro colore nero. Quando si schiudono sono di un blu brillante, uno spettacolo. Abitano tra le acque e <strong>non vengono mangiati<\/strong>.<\/p>\n\n\n\n<figure class=\"wp-block-image size-full\"><img loading=\"lazy\" decoding=\"async\" width=\"954\" height=\"646\" src=\"https:\/\/www.rutaskayakmenorca.com\/wp-content\/uploads\/2020\/12\/pez-castan\u0303uela.jpg\" alt=\"pesce-casta\u00f1uela\" class=\"wp-image-973\" srcset=\"https:\/\/www.rutaskayakmenorca.com\/wp-content\/uploads\/2020\/12\/pez-castan\u0303uela.jpg 954w, https:\/\/www.rutaskayakmenorca.com\/wp-content\/uploads\/2020\/12\/pez-castan\u0303uela-300x203.jpg 300w, https:\/\/www.rutaskayakmenorca.com\/wp-content\/uploads\/2020\/12\/pez-castan\u0303uela-768x520.jpg 768w, https:\/\/www.rutaskayakmenorca.com\/wp-content\/uploads\/2020\/12\/pez-castan\u0303uela-16x12.jpg 16w\" sizes=\"(max-width: 954px) 100vw, 954px\" \/><figcaption>Wikipedia.org<\/figcaption><\/figure>\n\n\n\n<h3 class=\"wp-block-heading\"><span class=\"ez-toc-section\" id=\"13_Pez_verde\"><\/span><strong>13. Pesce verde<\/strong><span class=\"ez-toc-section-end\"><\/span><\/h3>\n\n\n\n<p>Qui lo chiamiamo '<strong>Fadr\u00ed<\/strong>'. \u00c8 una specie che, con cos\u00ec tanti colori, potrebbe comparire in una relazione sui pesci del Pacifico. Ha la bocca piccola come la fanciulla, <strong>\u00e8 molto bello vedere<\/strong>ma di solito non viene mangiato.<\/p>\n\n\n\n<div class=\"wp-block-image\"><figure class=\"aligncenter size-large\"><img loading=\"lazy\" decoding=\"async\" width=\"512\" height=\"384\" src=\"https:\/\/www.rutaskayakmenorca.com\/wp-content\/uploads\/2020\/12\/Pez-verde.jpg\" alt=\"Verde pesce\" class=\"wp-image-974\" srcset=\"https:\/\/www.rutaskayakmenorca.com\/wp-content\/uploads\/2020\/12\/Pez-verde.jpg 512w, https:\/\/www.rutaskayakmenorca.com\/wp-content\/uploads\/2020\/12\/Pez-verde-300x225.jpg 300w, https:\/\/www.rutaskayakmenorca.com\/wp-content\/uploads\/2020\/12\/Pez-verde-16x12.jpg 16w\" sizes=\"(max-width: 512px) 100vw, 512px\" \/><figcaption>Immersioni iberiche<\/figcaption><\/figure><\/div>\n\n\n\n<p>Speriamo che vi siano piaciuti e fateci sapere se ne vedete qualcuno, divertitevi a fare snorkeling! <\/p>","protected":false},"excerpt":{"rendered":"<p>Los peces de Menorca est\u00e1n a tu alcance. Uno de los grandes atractivos de la excursi\u00f3n que te proponemos en Rutas Kayak Menorca, que es la Ruta de las Cuevas, es que podr\u00e1s ver todos los peces de Menorca m\u00e1s comunes. Haciendo snorkel te aseguramos que podr\u00e1s ver los peces que habitan la costa menorquina, [&hellip;]<\/p>\n","protected":false},"author":1,"featured_media":1627,"comment_status":"open","ping_status":"closed","sticky":false,"template":"","format":"standard","meta":{"_joinchat":[],"footnotes":""},"categories":[14],"tags":[],"class_list":["post-199","post","type-post","status-publish","format-standard","has-post-thumbnail","hentry","category-rkm"],"_links":{"self":[{"href":"https:\/\/www.rutaskayakmenorca.com\/it\/wp-json\/wp\/v2\/posts\/199","targetHints":{"allow":["GET"]}}],"collection":[{"href":"https:\/\/www.rutaskayakmenorca.com\/it\/wp-json\/wp\/v2\/posts"}],"about":[{"href":"https:\/\/www.rutaskayakmenorca.com\/it\/wp-json\/wp\/v2\/types\/post"}],"author":[{"embeddable":true,"href":"https:\/\/www.rutaskayakmenorca.com\/it\/wp-json\/wp\/v2\/users\/1"}],"replies":[{"embeddable":true,"href":"https:\/\/www.rutaskayakmenorca.com\/it\/wp-json\/wp\/v2\/comments?post=199"}],"version-history":[{"count":23,"href":"https:\/\/www.rutaskayakmenorca.com\/it\/wp-json\/wp\/v2\/posts\/199\/revisions"}],"predecessor-version":[{"id":1197,"href":"https:\/\/www.rutaskayakmenorca.com\/it\/wp-json\/wp\/v2\/posts\/199\/revisions\/1197"}],"wp:featuredmedia":[{"embeddable":true,"href":"https:\/\/www.rutaskayakmenorca.com\/it\/wp-json\/wp\/v2\/media\/1627"}],"wp:attachment":[{"href":"https:\/\/www.rutaskayakmenorca.com\/it\/wp-json\/wp\/v2\/media?parent=199"}],"wp:term":[{"taxonomy":"category","embeddable":true,"href":"https:\/\/www.rutaskayakmenorca.com\/it\/wp-json\/wp\/v2\/categories?post=199"},{"taxonomy":"post_tag","embeddable":true,"href":"https:\/\/www.rutaskayakmenorca.com\/it\/wp-json\/wp\/v2\/tags?post=199"}],"curies":[{"name":"wp","href":"https:\/\/api.w.org\/{rel}","templated":true}]}}