{"id":1639,"date":"2021-03-02T12:51:30","date_gmt":"2021-03-02T12:51:30","guid":{"rendered":"https:\/\/www.rutaskayakmenorca.com\/?p=1639"},"modified":"2023-06-03T07:11:30","modified_gmt":"2023-06-03T07:11:30","slug":"cala-en-porter-que-faire-que-voir-ou-manger","status":"publish","type":"post","link":"https:\/\/www.rutaskayakmenorca.com\/fr\/cala-en-porter-que-hacer-que-ver-donde-comer\/","title":{"rendered":"Cala en Porter : que voir, que faire, o\u00f9 manger..."},"content":{"rendered":"<p><strong>Cala en Porter est l'une des agglom\u00e9rations id\u00e9ales pour se loger \u00e0 Minorque.<\/strong>. Non seulement parce qu'elle se trouve pratiquement \u00e0 mi-chemin entre Ciutadella et Mah\u00f3n, ce qui est \u00e9videmment important pour r\u00e9duire votre temps de trajet vers les plages de toute l'\u00eele, mais aussi parce qu'elle poss\u00e8de une s\u00e9rie de vertus difficiles \u00e0 combiner, que nous vous expliquons !<\/p>\n\n\n\n<div id=\"ez-toc-container\" class=\"ez-toc-v2_0_82_2 counter-hierarchy ez-toc-counter ez-toc-grey ez-toc-container-direction\">\n<div class=\"ez-toc-title-container\">\n<p class=\"ez-toc-title\" style=\"cursor:inherit\">Contenu de l'article :<\/p>\n<span class=\"ez-toc-title-toggle\"><a href=\"#\" class=\"ez-toc-pull-right ez-toc-btn ez-toc-btn-xs ez-toc-btn-default ez-toc-toggle\" aria-label=\"Table des mati\u00e8res\"><span class=\"ez-toc-js-icon-con\"><span class=\"\"><span class=\"eztoc-hide\" style=\"display:none;\">Toggle<\/span><span class=\"ez-toc-icon-toggle-span\"><svg style=\"fill: #003560;color:#003560\" xmlns=\"http:\/\/www.w3.org\/2000\/svg\" class=\"list-377408\" width=\"20px\" height=\"20px\" viewbox=\"0 0 24 24\" fill=\"none\"><path d=\"M6 6H4v2h2V6zm14 0H8v2h12V6zM4 11h2v2H4v-2zm16 0H8v2h12v-2zM4 16h2v2H4v-2zm16 0H8v2h12v-2z\" fill=\"currentColor\"><\/path><\/svg><svg style=\"fill: #003560;color:#003560\" class=\"arrow-unsorted-368013\" xmlns=\"http:\/\/www.w3.org\/2000\/svg\" width=\"10px\" height=\"10px\" viewbox=\"0 0 24 24\" version=\"1.2\" baseprofile=\"tiny\"><path d=\"M18.2 9.3l-6.2-6.3-6.2 6.3c-.2.2-.3.4-.3.7s.1.5.3.7c.2.2.4.3.7.3h11c.3 0 .5-.1.7-.3.2-.2.3-.5.3-.7s-.1-.5-.3-.7zM5.8 14.7l6.2 6.3 6.2-6.3c.2-.2.3-.5.3-.7s-.1-.5-.3-.7c-.2-.2-.4-.3-.7-.3h-11c-.3 0-.5.1-.7.3-.2.2-.3.5-.3.7s.1.5.3.7z\"\/><\/svg><\/span><\/span><\/span><\/a><\/span><\/div>\n<nav><ul class='ez-toc-list ez-toc-list-level-1' ><li class='ez-toc-page-1 ez-toc-heading-level-2'><a class=\"ez-toc-link ez-toc-heading-1\" href=\"https:\/\/www.rutaskayakmenorca.com\/fr\/cala-en-porter-que-hacer-que-ver-donde-comer\/#El_plan_perfecto_para_un_dia_entero\" >Le plan parfait pour toute une journ\u00e9e<\/a><\/li><li class='ez-toc-page-1 ez-toc-heading-level-2'><a class=\"ez-toc-link ez-toc-heading-2\" href=\"https:\/\/www.rutaskayakmenorca.com\/fr\/cala-en-porter-que-hacer-que-ver-donde-comer\/#Preparate_para_el_tardeo\" >Pr\u00e9parez-vous \u00e0 une fin d'apr\u00e8s-midi<\/a><\/li><li class='ez-toc-page-1 ez-toc-heading-level-2'><a class=\"ez-toc-link ez-toc-heading-3\" href=\"https:\/\/www.rutaskayakmenorca.com\/fr\/cala-en-porter-que-hacer-que-ver-donde-comer\/#Como_llegar_a_Cala_en_Porter\" >Comment se rendre \u00e0 Cala en Porter<\/a><\/li><li class='ez-toc-page-1 ez-toc-heading-level-2'><a class=\"ez-toc-link ez-toc-heading-4\" href=\"https:\/\/www.rutaskayakmenorca.com\/fr\/cala-en-porter-que-hacer-que-ver-donde-comer\/#Donde_aparcar_otra_de_las_facilidades\" >O\u00f9 se garer, une autre installation<\/a><\/li><li class='ez-toc-page-1 ez-toc-heading-level-2'><a class=\"ez-toc-link ez-toc-heading-5\" href=\"https:\/\/www.rutaskayakmenorca.com\/fr\/cala-en-porter-que-hacer-que-ver-donde-comer\/#Donde_comer_en_Cala_en_Porter\" >O\u00f9 manger \u00e0 Cala en Porter<\/a><\/li><li class='ez-toc-page-1 ez-toc-heading-level-2'><a class=\"ez-toc-link ez-toc-heading-6\" href=\"https:\/\/www.rutaskayakmenorca.com\/fr\/cala-en-porter-que-hacer-que-ver-donde-comer\/#Buen_ambiente_para_tomar_algo\" >Bonne ambiance pour boire un verre<\/a><\/li><li class='ez-toc-page-1 ez-toc-heading-level-2'><a class=\"ez-toc-link ez-toc-heading-7\" href=\"https:\/\/www.rutaskayakmenorca.com\/fr\/cala-en-porter-que-hacer-que-ver-donde-comer\/#Todos_los_servicios_a_tu_disposicion\" >Tous les services \u00e0 votre disposition<\/a><\/li><\/ul><\/nav><\/div>\n<h2 class=\"wp-block-heading\"><span class=\"ez-toc-section\" id=\"El_plan_perfecto_para_un_dia_entero\"><\/span><strong>Le plan parfait pour toute une journ\u00e9e<\/strong><span class=\"ez-toc-section-end\"><\/span><\/h2>\n\n\n\n<p>Si vous \u00eates \u00e0 la recherche d'un <strong>100% journ\u00e9e d'\u00e9t\u00e9 sans quitter son si\u00e8ge<\/strong>En voici une excellente : visez ! <strong>Le matin, faites une promenade en kayak.<\/strong> pour faire de la <a href=\"https:\/\/www.rutaskayakmenorca.com\/fr\/meilleure-excursion-en-kayak-sur-la-route-des-grottes\/\" target=\"_blank\" rel=\"noreferrer noopener\">Parcours des grottes<\/a>vous allez adorer. Le d\u00e9part se fait \u00e0 10 h 15. Vous arriverez \u00e0 la plage de Cala en Porter \u00e0 13h15, heure id\u00e9ale pour d\u00e9jeuner dans l'un des deux bars qui se trouvent sur le sable, <strong><a href=\"https:\/\/www.rutaskayakmenorca.com\/fr\/les-10-meilleurs-restaurants-bon-marche-de-menorque-en-2021\/\">Bar rustique Cala<\/a><\/strong> o <strong>Los Barriles<\/strong>. <\/p>\n\n\n\n<div class=\"wp-block-buttons is-content-justification-center is-layout-flex wp-container-core-buttons-is-layout-16018d1d wp-block-buttons-is-layout-flex\">\n<div class=\"wp-block-button is-style-fill\"><a class=\"wp-block-button__link has-text-color has-background\" href=\"https:\/\/www.rutaskayakmenorca.com\/fr\/route-des-grottes-la-meilleure-excursion-en-kayak-a-menorque\/\" style=\"border-radius:10px;background-color:#f7aa00;color:#fffffa\"><strong>D\u00c9COUVRIR LES MEILLEURS CIRCUITS EN KAYAK &gt;<\/strong><\/a><\/div>\n<\/div>\n\n\n\n&nbsp;\n\n\n\n<p>Rendez-vous \u00e0 votre h\u00e9bergement, reposez-vous, puis allez vous promener dans les environs de la plage. Vous pouvez, par exemple, longer la <strong>Cam\u00ed del Roman\u00ed<\/strong>Un sentier qui vous emm\u00e8ne de la rampe de la plage au milieu de la crique en longeant le c\u00f4t\u00e9 gauche de la crique. C'est un endroit id\u00e9al pour prendre des photos spectaculaires. <strong>Vous disposez \u00e9galement d'une rivi\u00e8re<\/strong> que, depuis l'aire de stationnement, vous verrez beaucoup de <strong>canards, diff\u00e9rents oiseaux et m\u00eame<\/strong> <strong>vous pouvez attraper une tortue qui sort la t\u00eate de l'eau<\/strong>. <\/p>\n\n\n\n<p><strong>Si vous pr\u00e9f\u00e9rez une activit\u00e9 totalement relaxante<\/strong>vous pouvez aller boire un verre \u00e0 <a href=\"https:\/\/torralbenc.com\/\" target=\"_blank\" rel=\"noreferrer noopener\">Torralbenc<\/a>un h\u00f4tel rural de luxe qui permet aux <strong>acc\u00e8s libre \u00e0 la terrasse pour boire un verre<\/strong> (\u00e9galement pour le d\u00eener, mais c'est tr\u00e8s cher). Si vous y allez, vous devrez prendre la voiture, car il faut sortir sur la route, mais en quelques minutes vous serez arriv\u00e9s, car c'est juste \u00e0 la sortie de Cala en Porter. Un endroit o\u00f9 vous n'entendrez que les oiseaux et la brise, une oasis de tranquillit\u00e9 et de bien-\u00eatre en pleine campagne.<\/p>\n\n\n<div class=\"wp-block-image\">\n<figure class=\"aligncenter size-large\"><img fetchpriority=\"high\" decoding=\"async\" width=\"899\" height=\"562\" src=\"https:\/\/www.rutaskayakmenorca.com\/wp-content\/uploads\/2021\/02\/Cova-den-xoroi.jpg\" alt=\"Cova-den-xoroi\" class=\"wp-image-1700\" srcset=\"https:\/\/www.rutaskayakmenorca.com\/wp-content\/uploads\/2021\/02\/Cova-den-xoroi.jpg 899w, https:\/\/www.rutaskayakmenorca.com\/wp-content\/uploads\/2021\/02\/Cova-den-xoroi-300x188.jpg 300w, https:\/\/www.rutaskayakmenorca.com\/wp-content\/uploads\/2021\/02\/Cova-den-xoroi-768x480.jpg 768w, https:\/\/www.rutaskayakmenorca.com\/wp-content\/uploads\/2021\/02\/Cova-den-xoroi-16x10.jpg 16w\" sizes=\"(max-width: 899px) 100vw, 899px\" \/><figcaption class=\"wp-element-caption\">covadenxoroi.com<\/figcaption><\/figure>\n<\/div>\n\n\n<h2 class=\"wp-block-heading\"><span class=\"ez-toc-section\" id=\"Preparate_para_el_tardeo\"><\/span><strong>Pr\u00e9parez-vous \u00e0 une fin d'apr\u00e8s-midi<\/strong><span class=\"ez-toc-section-end\"><\/span><\/h2>\n\n\n\n<p>Lorsqu'ils sont approximativement <strong>\u00e0 19 heures, se rendre \u00e0 la Cova de'n Xoroi<\/strong>. Vous y vivrez l'un des meilleurs moments de votre s\u00e9jour \u00e0 Minorque. Avec une vue imprenable sur les falaises et la mer, l'exp\u00e9rience sera compl\u00e9t\u00e9e par de la musique et une boisson que vous pourrez commander sur l'incroyable terrasse. <strong>La Cova de'n Xoroi ferme \u00e0 23h.<\/strong>Vous pouvez prolonger l'apr\u00e8s-midi et aller d\u00eener dans l'un des restaurants que nous vous recommandons ci-dessous.  <\/p>\n\n\n\n&nbsp;\n\n\n\n<h2 class=\"wp-block-heading\"><span class=\"ez-toc-section\" id=\"Como_llegar_a_Cala_en_Porter\"><\/span><strong>Comment se rendre \u00e0 Cala en Porter<\/strong><span class=\"ez-toc-section-end\"><\/span><\/h2>\n\n\n\n<p>La premi\u00e8re chose \u00e0 garder \u00e0 l'esprit est que <strong>L'a\u00e9roport de Minorque se trouve \u00e0 10 minutes en voiture.<\/strong> de Cala en Porter. La proximit\u00e9 de l'a\u00e9roport est un atout, car si vous logez, par exemple, \u00e0 Ciutadella, vous devrez faire 45 minutes de route... et autant pour revenir. De plus, si vous \u00eates \u00e0 Ciutadella, les plages de l'est sont \u00e0 la m\u00eame distance, et si vous s\u00e9journez \u00e0 Mah\u00f3n, il en va de m\u00eame pour l'ouest.<\/p>\n\n\n\n<p><strong>Cala en Porter est situ\u00e9e presque au milieu de l'\u00eele.<\/strong>Sur la c\u00f4te sud de Minorque, avec un acc\u00e8s facile par la route, vous n'aurez donc aucun probl\u00e8me pour vous d\u00e9placer. Et comment se rendre \u00e0 Cala en Porter ? \u00c0 Minorque, le plus simple est toujours de louer une voiture. Cependant, vous pouvez aussi le faire dans l'un des centres de vill\u00e9giature de l'\u00eele. <a href=\"http:\/\/www.tmsa.es\/TransporteRegular.aspx?lang=1\" target=\"_blank\" rel=\"noreferrer noopener\">lignes de bus r\u00e9guli\u00e8res<\/a> de Minorque.<\/p>\n\n\n\n&nbsp;\n\n\n\n<h2 class=\"wp-block-heading\"><span class=\"ez-toc-section\" id=\"Donde_aparcar_otra_de_las_facilidades\"><\/span><strong>O\u00f9 se garer, une autre installation<\/strong><span class=\"ez-toc-section-end\"><\/span><\/h2>\n\n\n\n<p>M\u00eame pendant les jours les plus charg\u00e9s de la haute saison, vous trouverez des places de parking \u00e0 Cala en Porter. <strong>Sur la plage, il y a un grand espace ouvert o\u00f9 vous pouvez laisser votre voiture ou votre moto, toujours gratuitement.<\/strong>. Vous n'aurez qu'\u00e0 marcher deux minutes et vous serez en face de la plage. En revanche, si votre destination est le centre de l'urbanisation, vous pouvez \u00e9galement vous garer sans payer. Vous pourrez vous garer dans toutes les rues, \u00e0 l'exception d'une rue pi\u00e9tonne (la plus centrale). Il y a \u00e9galement un petit parking devant le restaurant Samoa, ainsi qu'\u00e0 c\u00f4t\u00e9 du restaurant Pons.<\/p>\n\n\n\n&nbsp;\n\n\n\n<h2 class=\"wp-block-heading\"><span class=\"ez-toc-section\" id=\"Donde_comer_en_Cala_en_Porter\"><\/span><strong>O\u00f9 manger \u00e0 Cala en Porter<\/strong><span class=\"ez-toc-section-end\"><\/span><\/h2>\n\n\n\n<p><strong>Le meilleur restaurant de Cala en Porter est <a href=\"https:\/\/goo.gl\/maps\/y6HPHtQLkhBxcKSy6\" target=\"_blank\" rel=\"noreferrer noopener\">La pieuvre<\/a><\/strong>. Sous la direction de Gustavo, vous trouverez une cuisine m\u00e9diterran\u00e9enne de tr\u00e8s bonne qualit\u00e9 dans un cadre id\u00e9al : il dispose d'une grande terrasse qui vous permettra de vous sentir \u00e0 l'aise. Le poisson du jour est g\u00e9n\u00e9ralement propos\u00e9 et la viande est tr\u00e8s bonne, en particulier le filet de b\u0153uf. <\/p>\n\n\n<div class=\"wp-block-image\">\n<figure class=\"aligncenter size-large\"><img decoding=\"async\" width=\"899\" height=\"562\" src=\"https:\/\/www.rutaskayakmenorca.com\/wp-content\/uploads\/2021\/02\/Restaurante-el-pulpo.jpg\" alt=\"Restaurant-el-pulpo\" class=\"wp-image-1699\" srcset=\"https:\/\/www.rutaskayakmenorca.com\/wp-content\/uploads\/2021\/02\/Restaurante-el-pulpo.jpg 899w, https:\/\/www.rutaskayakmenorca.com\/wp-content\/uploads\/2021\/02\/Restaurante-el-pulpo-300x188.jpg 300w, https:\/\/www.rutaskayakmenorca.com\/wp-content\/uploads\/2021\/02\/Restaurante-el-pulpo-768x480.jpg 768w, https:\/\/www.rutaskayakmenorca.com\/wp-content\/uploads\/2021\/02\/Restaurante-el-pulpo-16x10.jpg 16w\" sizes=\"(max-width: 899px) 100vw, 899px\" \/><figcaption class=\"wp-element-caption\">Restaurant El Pulpo<\/figcaption><\/figure>\n<\/div>\n\n\n<p>En face d'El Pulpo, vous trouverez la <strong><a href=\"https:\/\/goo.gl\/maps\/Ub64bc3uF1LCki268\" target=\"_blank\" rel=\"noreferrer noopener nofollow\">Samoa<\/a>votre choix si vous recherchez quelque chose sans pr\u00e9tention, un bon rapport qualit\u00e9-prix et un service rapide.<\/strong>. Ils font tout, des plats mixtes aux pizzas et m\u00eame aux hamburgers. Le propri\u00e9taire, Luis, poss\u00e9dait auparavant le restaurant La Salamandra, l'un des meilleurs restaurants de l'agglom\u00e9ration. Depuis son d\u00e9part, La Salamandra a peu de monde et Samoa en a beaucoup. Un conseil : quelques mots suffisent.<\/p>\n\n\n\n<p>Vous y trouverez \u00e9galement un restaurant chinois, un restaurant indien, des pizzerias et m\u00eame un restaurant de la ville. <a href=\"https:\/\/www.facebook.com\/dongelatoecoffeemenorca\/\" target=\"_blank\" rel=\"noreferrer noopener nofollow\">Glacier italien<\/a>... avec d'excellentes glaces et de bonnes <strong>Cr\u00eapes Nuetella<\/strong>!  <\/p>\n\n\n\n<h2 class=\"wp-block-heading\"><span class=\"ez-toc-section\" id=\"Buen_ambiente_para_tomar_algo\"><\/span><strong>Bonne ambiance pour boire un verre <\/strong><span class=\"ez-toc-section-end\"><\/span><\/h2>\n\n\n<div class=\"wp-block-image\">\n<figure class=\"aligncenter size-large\"><img decoding=\"async\" width=\"899\" height=\"562\" src=\"https:\/\/www.rutaskayakmenorca.com\/wp-content\/uploads\/2021\/02\/Ayashe-Lounge-Cala-en-Porter.jpg\" alt=\"Ayashe-Lounge-Cala-en-Porter\" class=\"wp-image-1698\" srcset=\"https:\/\/www.rutaskayakmenorca.com\/wp-content\/uploads\/2021\/02\/Ayashe-Lounge-Cala-en-Porter.jpg 899w, https:\/\/www.rutaskayakmenorca.com\/wp-content\/uploads\/2021\/02\/Ayashe-Lounge-Cala-en-Porter-300x188.jpg 300w, https:\/\/www.rutaskayakmenorca.com\/wp-content\/uploads\/2021\/02\/Ayashe-Lounge-Cala-en-Porter-768x480.jpg 768w, https:\/\/www.rutaskayakmenorca.com\/wp-content\/uploads\/2021\/02\/Ayashe-Lounge-Cala-en-Porter-16x10.jpg 16w\" sizes=\"(max-width: 899px) 100vw, 899px\" \/><\/figure>\n<\/div>\n\n\n<p>Cala en Porter est \u00e9galement connue pour son atmosph\u00e8re, et il ne peut en \u00eatre autrement puisqu'il s'agit de l'endroit o\u00f9 se trouve la Cova. <strong>L'ambiance jeune est concentr\u00e9e dans la <a href=\"https:\/\/www.facebook.com\/ayashemenorca\/\" target=\"_blank\" rel=\"noreferrer noopener\">Ayashe<\/a><\/strong>Vous pouvez prendre un verre \u00e0 l'int\u00e9rieur ou sur la terrasse, qui est gard\u00e9e par deux grands palmiers. Dj Walls, qui a \u00e9galement jou\u00e9 \u00e0 La Cova \u00e0 plusieurs reprises, dirige ce lieu o\u00f9 se concentrent les touristes espagnols et britanniques, d\u00e9sireux de passer un bon moment et de faire des rencontres. Nous vous encourageons \u00e0 y aller et \u00e0 passer un bon moment ! <\/p>\n\n\n\n<p>Pour sa part, la <strong><a href=\"https:\/\/www.facebook.com\/alohamenorca\/\" target=\"_blank\" rel=\"noreferrer noopener\">Aloha<\/a> est id\u00e9al si vous recherchez un karaok\u00e9<\/strong>. \u00c0 l'int\u00e9rieur ou sur la terrasse, vous pouvez prendre des cocktails et chanter dans une atmosph\u00e8re (presque) totalement britannique. Bien que l'on y trouve des gens de tous \u00e2ges, les familles et la client\u00e8le plus \u00e2g\u00e9e pr\u00e9dominent.  <\/p>\n\n\n\n<h2 class=\"wp-block-heading\"><span class=\"ez-toc-section\" id=\"Todos_los_servicios_a_tu_disposicion\"><\/span><strong>Tous les services \u00e0 votre disposition<\/strong><span class=\"ez-toc-section-end\"><\/span><\/h2>\n\n\n\n<p>Cala en Porter a <strong><a href=\"https:\/\/goo.gl\/maps\/MmhY2PByLRKPFN7DA\" target=\"_blank\" rel=\"noreferrer noopener nofollow\">pharmacie<\/a>supermarch\u00e9s, bars, location de voitures<\/strong>... Tout est \u00e0 port\u00e9e de main dans cette petite urbanisation, comme nous l'avons mentionn\u00e9 au d\u00e9but de ce billet. Ce qui est moins bien, c'est qu'elle est devenue <strong>tr\u00e8s touristique<\/strong>C'est une cons\u00e9quence normale de tous ces avantages. Mais il est id\u00e9al d'avoir son propre logement, car on peut y passer toute une journ\u00e9e et, en m\u00eame temps, on est bien situ\u00e9 par rapport aux autres parties de l'\u00eele.<\/p>","protected":false},"excerpt":{"rendered":"<p>Cala en Porter es una de las urbanizaciones de ideales para tener tu alojamiento en Menorca. No solo porque queda pr\u00e1cticamente a mitad de camino de Ciutadella y Mah\u00f3n, algo obviamente importante para reducir tu tiempo de movilidad hacia las playas de toda la isla, sino tambi\u00e9n porque tiene una serie de virtudes dif\u00edciles de [&hellip;]<\/p>\n","protected":false},"author":1,"featured_media":1490,"comment_status":"open","ping_status":"closed","sticky":false,"template":"","format":"standard","meta":{"_joinchat":[],"footnotes":""},"categories":[12],"tags":[],"class_list":["post-1639","post","type-post","status-publish","format-standard","has-post-thumbnail","hentry","category-que-hacer"],"_links":{"self":[{"href":"https:\/\/www.rutaskayakmenorca.com\/fr\/wp-json\/wp\/v2\/posts\/1639","targetHints":{"allow":["GET"]}}],"collection":[{"href":"https:\/\/www.rutaskayakmenorca.com\/fr\/wp-json\/wp\/v2\/posts"}],"about":[{"href":"https:\/\/www.rutaskayakmenorca.com\/fr\/wp-json\/wp\/v2\/types\/post"}],"author":[{"embeddable":true,"href":"https:\/\/www.rutaskayakmenorca.com\/fr\/wp-json\/wp\/v2\/users\/1"}],"replies":[{"embeddable":true,"href":"https:\/\/www.rutaskayakmenorca.com\/fr\/wp-json\/wp\/v2\/comments?post=1639"}],"version-history":[{"count":10,"href":"https:\/\/www.rutaskayakmenorca.com\/fr\/wp-json\/wp\/v2\/posts\/1639\/revisions"}],"predecessor-version":[{"id":3167,"href":"https:\/\/www.rutaskayakmenorca.com\/fr\/wp-json\/wp\/v2\/posts\/1639\/revisions\/3167"}],"wp:featuredmedia":[{"embeddable":true,"href":"https:\/\/www.rutaskayakmenorca.com\/fr\/wp-json\/wp\/v2\/media\/1490"}],"wp:attachment":[{"href":"https:\/\/www.rutaskayakmenorca.com\/fr\/wp-json\/wp\/v2\/media?parent=1639"}],"wp:term":[{"taxonomy":"category","embeddable":true,"href":"https:\/\/www.rutaskayakmenorca.com\/fr\/wp-json\/wp\/v2\/categories?post=1639"},{"taxonomy":"post_tag","embeddable":true,"href":"https:\/\/www.rutaskayakmenorca.com\/fr\/wp-json\/wp\/v2\/tags?post=1639"}],"curies":[{"name":"wp","href":"https:\/\/api.w.org\/{rel}","templated":true}]}}